{"id":550,"date":"2018-01-22T18:39:01","date_gmt":"2018-01-22T17:39:01","guid":{"rendered":"http:\/\/www.sokollomnicka.cz\/?p=550"},"modified":"2018-01-22T22:08:39","modified_gmt":"2018-01-22T21:08:39","slug":"silvestrovsky-beh-2017-clanek","status":"publish","type":"post","link":"https:\/\/www.sokollomnicka.cz\/?p=550","title":{"rendered":"Silvestrovsk\u00fd b\u011bh 2017"},"content":{"rendered":"<p>Jednoho kr\u00e1sn\u00e9ho posledn\u00edho dne roku 2017 \u2026 ta b\u0159e\u010dka, kterou na silnici ud\u011bl\u00e1 \u010derstv\u011b napaden\u00fd sn\u00edh v&nbsp;kombinaci s&nbsp;kladnou teplotou, u\u017e rovnou padala z&nbsp;nebe! Takto to bylo je\u0161t\u011b cca dv\u011b hodiny p\u0159ed startem, ale pak se po\u010das\u00ed udob\u0159ilo skoro tak, jak jsme to napl\u00e1novali \ud83d\ude42<\/p>\n<p><!--more--><\/p>\n<p><strong>M\u00e1me jubileum! <\/strong><\/p>\n<p>31. prosince 2017 tomu bylo po dvac\u00e1t\u00e9, co se konal Silvestrovsk\u00fd b\u011bh v&nbsp;Lomni\u010dce. Toto \u010d\u00edslo n\u00e1s nemohlo nechat \u00fapln\u011b v&nbsp;klidu, asi proto jsme se na posledn\u00edm Silvestrovsk\u00e9m b\u011bhu v&nbsp;r\u00e1mci organizace a oslav v\u00fdro\u010d\u00ed trochu rozv\u00e1\u0161nili a ud\u011blali b\u011bh trochu jinak, ne\u017e obvykle. Vzhledem k&nbsp;v\u00fdro\u010d\u00ed jsme zorganizovali i v\u011bci, kter\u00e9 t\u00e9m\u011b\u0159 jist\u011b na dal\u0161\u00ed nejubilejn\u00ed ro\u010dn\u00edky vynech\u00e1me \u2026 jak se \u0159\u00edk\u00e1, dobr\u00e9ho pom\u00e1lu! Jednou z&nbsp;t\u011bchto v\u011bc\u00ed je u\u017e samotn\u00e1 a rozs\u00e1hlej\u0161\u00ed organizace, ne\u017e je u n\u00e1s zvykem. Dal\u0161\u00ed z&nbsp;nich byla v\u011bt\u0161\u00ed spousta artefakt\u016f, pracholap\u016f a d\u00e1rkov\u00fdch p\u0159edm\u011bt\u016f pro z\u00e1vodn\u00edky, p\u0159\u00ed\u0161t\u011b bude snad men\u0161\u00ed spousta sta\u010dit. V&nbsp;neposledn\u00ed \u0159ad\u011b byla novinkou tak\u00e9 digit\u00e1ln\u00ed \u010dasom\u00edra, kter\u00e1 slou\u017eila jako podpora pro videorozhod\u010d\u00edho. Potom jsme sepsali a vydali v\u00fdro\u010dn\u00ed <a href=\"http:\/\/www.sokollomnicka.cz\/wp-content\/20-th-total-brutal-extra-special.pdf\">total-brutal-extra-speci\u00e1l<\/a> v&nbsp;n\u00e1kladu 200&nbsp;ks, kter\u00fd jak\u00fdmsi zp\u016fsobem shrnoval v\u0161echny ro\u010dn\u00edky Silvestrovsk\u00e9ho b\u011bhu v&nbsp;Lomni\u010dce jak fakticky, tak statisticky a sarkasticky.<\/p>\n<p>Jsou zde i v\u011bci, kter\u00e9 i p\u0159es filozofii p\u0159edchoz\u00edho odstavce z\u0159ejm\u011b zanech\u00e1me jako novou tradici. Nap\u0159\u00edklad zaveden\u00ed pozic moder\u00e1tora a dopravn\u00edho koordin\u00e1tora. Tak\u00e9 to, \u017ee jsme sestavili nov\u00fd syst\u00e9m pro z\u00e1chyt dat, co p\u0159ekvapil v\u0161echny organiz\u00e1tory, kte\u0159\u00ed byli zasko\u010deni t\u00edm, \u017ee fungoval. Proto se omlouv\u00e1me za mal\u00e9 zpo\u017ed\u011bn\u00ed, kter\u00e9 vlivem t\u00e9to ne\u010dekan\u00e9 ud\u00e1losti nastalo! Od \u010dty\u0159ic\u00e1t\u00e9 minuty po startu trvalo zpracov\u00e1n\u00ed dat 16 a\u017e 21 minut. V&nbsp;tom hor\u0161\u00edm p\u0159\u00edpad\u011b to znamen\u00e1, \u017ee ka\u017ed\u00e9ho finalistu jsme vyhodnocovali asi 10.4 vte\u0159iny. Hlavn\u00ed po\u0159adatel ani nestihl obej\u00edt v\u0161echny z\u00e1vodn\u00edky s&nbsp;fla\u0161kou. To je d\u016fkazem, \u017ee je st\u00e1le co zlep\u0161ovat.<\/p>\n<p>V&nbsp;r\u016fzn\u00fdch mezi\u010dasech pro byla b\u011b\u017ece a jejich doprovod p\u0159ipravena atrakce ve form\u011b moder\u00e1tora, kter\u00fd sed\u0159el sv\u016fj entuziasmus o p\u0159\u00edze\u0148 up\u0159en\u00e9ho publika. D\u011bv\u010data v&nbsp;cateringu m\u011bla v\u00fdrazn\u011b ni\u017e\u0161\u00ed v\u011bkov\u00fd pr\u016fm\u011br, ne\u017e v ro\u010dn\u00edc\u00edch uplynul\u00fdch \u2026 a mezi t\u00edm, co jim v&nbsp;hrnci pukaly debrec\u00ednky, c\u00edlovou p\u00e1sku za\u010dali penetrovat prvn\u00ed finalist\u00e9. Po tom, co se postupn\u011b vzpamatov\u00e1vali z&nbsp;dob\u011bhu, se mnoz\u00ed vrhli na ob\u010derstven\u00ed, kter\u00e9 do jejich t\u011bl vstupovalo jak v&nbsp;tekut\u00e9, tak v&nbsp;pevn\u00e9 form\u011b. Douf\u00e1me, \u017ee v\u0161echno prob\u011bhlo dle p\u0159edpoklad\u016f a \u017ee ob\u010derstven\u00ed v&nbsp;t\u011bchto skupenstv\u00edch nakonec i ode\u0161lo! A\u010dkoliv \u2026 po n\u00e1sledn\u00e9 Silvestrovsk\u00e9 noci to mohlo b\u00fdt velmi n\u00e1padit\u00e9!<\/p>\n<p><strong>\u00da\u010dast<\/strong><\/p>\n<p>Kdybychom v\u0161ech 115 registrovan\u00fdch b\u011b\u017ec\u016f rozd\u011blili podle kategori\u00ed, jednalo by se 45 samc\u016f (M), 35 samc\u016f nad 40 let (M40), 22 samic (\u017d) a 13 alfasamic (\u017d40). 84 z&nbsp;\u00fa\u010dastn\u00edk\u016f b\u011bhu se elektronicky registrovalo a 93% z&nbsp;registrovan\u00fdch se i&nbsp;dostavilo. Z&nbsp;celkov\u00e9ho po\u010dtu vyu\u017eilo online registraci 68% b\u011b\u017ec\u016f. Mezi 115-ti b\u011b\u017eci bylo i 5 chodc\u016f. Pro zaj\u00edmavost uv\u00e1d\u00edme je\u0161t\u011b pr\u016fm\u011brn\u00fd v\u011bk v\u0161ech z\u00fa\u010dastn\u011bn\u00fdch = 36.45 rok\u016f. Pr\u016fm\u011brn\u00fd v\u011bk v&nbsp;kategori\u00edch potom byl: kategorie M = 25.78 rok\u016f, kategorie M40 = 51.06 rok\u016f, kategorie \u017d = 28.14 rok\u016f a pro kategorii \u017d40 = 48.15 rok\u016f. Mo\u017en\u00e1 jste u\u017e n\u011bkde vid\u011bli n\u00e1sleduj\u00edc\u00ed graf. Zde jsme p\u0159idali jenom hodnoty z&nbsp;leto\u0161n\u00edho b\u011bhu. I kdy\u017e je to hodn\u011b z\u00e1visl\u00e9 na po\u010das\u00ed, soud\u011b dle \u00fa\u010dasti popularita tohoto b\u011bhu st\u00e1le roste. Ka\u017ed\u00fdm rokem zji\u0161\u0165ujeme, \u017ee b\u011bh je\u0161t\u011b nedos\u00e1hl hranice svoj\u00ed kapacity. A pokud se tak n\u011bkdy stane, na vyhodnocen\u00ed v\u00fdsledk\u016f budete \u010dekat do t\u00e9 doby, ne\u017e v\u00e1s to p\u0159estane bavit a p\u016fjdete dom\u016f. I kdy\u017e \u2026 \u010dekac\u00ed dobu jsme letos v\u00fdrazn\u011b eliminovali, tak\u017ee v&nbsp;dal\u0161\u00edch ro\u010dn\u00edc\u00edch n\u00e1s bude limitovat pouze objem konvice na sva\u0159\u00e1k a kapacita toalet. I kdy\u017e \u2026 oba probl\u00e9my \u0159e\u0161\u00ed vylit\u00ed sva\u0159\u00e1ku rovnou do z\u00e1chodu. No prost\u011b, evidentn\u011b nic nebr\u00e1n\u00ed tomu, abyste p\u0159\u00ed\u0161t\u00ed rok op\u011bt kolektivn\u011b trhli rekord v&nbsp;\u00fa\u010dasti \ud83d\ude09<\/p>\n<p><a href=\"http:\/\/www.sokollomnicka.cz\/wp-content\/Capture-2018-01-22_12-02-21_.jpg\"><img loading=\"lazy\" decoding=\"async\" class=\"aligncenter size-full wp-image-553\" src=\"http:\/\/www.sokollomnicka.cz\/wp-content\/Capture-2018-01-22_12-02-21_.jpg\" alt=\"\" width=\"668\" height=\"495\" srcset=\"https:\/\/www.sokollomnicka.cz\/wp-content\/Capture-2018-01-22_12-02-21_.jpg 668w, https:\/\/www.sokollomnicka.cz\/wp-content\/Capture-2018-01-22_12-02-21_-300x222.jpg 300w, https:\/\/www.sokollomnicka.cz\/wp-content\/Capture-2018-01-22_12-02-21_-405x300.jpg 405w\" sizes=\"auto, (max-width: 668px) 100vw, 668px\" \/><\/a><\/p>\n<p>BTW: Kategorie \u017d40 byla v&nbsp;roce 2017 za\u0159azena poprv\u00e9, v&nbsp;grafu je tedy slou\u010dena s kategori\u00ed \u201e\u017d\u201c<\/p>\n<p>&nbsp;<\/p>\n<h2>V\u00fdsledky<\/h2>\n<p>B\u011b\u017eci dob\u00edhali uspo\u0159\u00e1dan\u011b p\u0159esn\u011b podle pokyn\u016f organiz\u00e1tor\u016f, nenastala tedy \u017e\u00e1dn\u00e1 sporn\u00e1 situace, kde by musel zasahovat videorozhod\u010d\u00ed. Tra\u0165ov\u00fd rekord nepadl, ale padl rekord v&nbsp;po\u010dtu \u00fa\u010dastn\u00edk\u016f. A tak\u00e9 padl rekord v&nbsp;kategorii \u017d40. M\u00e1me tu\u0161en\u00ed, \u017ee tento fakt m\u016f\u017ee m\u00edt souvislost s&nbsp;t\u00edm, \u017ee tato kategorie byla na dvac\u00e1t\u00e9m ro\u010dn\u00edku za\u0159azena poprv\u00e9.<br \/>\n&nbsp;<\/p>\n<h3><strong>kategorie M<\/strong><\/h3>\n<ol>\n<li>Jaroslav \u0158\u00edha, VSK Universita Brno, 21:27<\/li>\n<li>Ji\u0159\u00ed Hu\u0165ka, Brno \u0158e\u010dkovice, 21:35<\/li>\n<li>Michal Glier, SDH Doubravn\u00edk, 21:37<\/li>\n<\/ol>\n<h3><strong>kategorie M40<\/strong><\/h3>\n<ol>\n<li>Tom\u00e1\u0161 Pohl, PBV MTB team Brno, 22:12<\/li>\n<li>Zbyn\u011bk Navr\u00e1til, AK Ti\u0161nov, 24:38<\/li>\n<li>Pavel Zourek, PBV MTB team Brno, 24:44<\/li>\n<\/ol>\n<h3><strong>kategorie \u017d<\/strong><\/h3>\n<ol>\n<li>Petra Seberov\u00e1, AK Ti\u0161nov, 25:32<\/li>\n<li>Jitka Zwienerov\u00e1, Ti\u0161nov, 27:16<\/li>\n<li>So\u0148a Mihulov\u00e1, Sokol Lomni\u010dka, 27:26<\/li>\n<\/ol>\n<h3><strong>kategorie \u017d40<\/strong><\/h3>\n<ol>\n<li>Pavla Musilov\u00e1, D\u00fdmka m\u00edru, 25:58<\/li>\n<li>Alena Ma\u0161kov\u00e1, AK Ti\u0161nov, 29:42<\/li>\n<li>Jind\u0159i\u0161ka Vrzalov\u00e1, AK Ti\u0161nov, 29:42<\/li>\n<\/ol>\n<p>&nbsp;<\/p>\n<p>Cel\u00e1 akce byla magnetem pro m\u00edstn\u00ed obyvatele a sportovn\u00ed nad\u0161ence z&nbsp;bl\u00edzk\u00e9ho okol\u00ed. Vzhledem k&nbsp;jubilejn\u00edmu ro\u010dn\u00edku byla akce napl\u00e1novan\u00e1 a zrealizovan\u00e1 v&nbsp;duchu, kter\u00fd odpov\u00edd\u00e1 dvac\u00e1t\u00e9mu v\u00fdro\u010d\u00ed b\u011bhu. V&nbsp;t\u00e9to souvislosti byla akce v\u00fdznamn\u011b podpo\u0159ena celou \u0159adou subjekt\u016f, co vid\u011bly smysl ve finan\u010dn\u00ed podpo\u0159e t\u00e9to akce. D\u011bkujeme v\u0161em osmn\u00e1cti sponzor\u016fm za p\u0159\u00edsp\u011bvky, kter\u00e9 pomohly dvac\u00e1t\u00fd ro\u010dn\u00edk b\u011bhu zorganizovat v&nbsp;takov\u00e9m m\u011b\u0159\u00edtku, jak si toto jubileum zaslou\u017eilo, d\u011bkujeme m\u011bstu Ti\u0161nov za podporu Silvestrovsk\u00e9ho b\u011bhu v&nbsp;Lomni\u010dce. V&nbsp;tomto p\u0159\u00edpad\u011b \u0161lo o dotaci na obl\u00e9kac\u00ed startovn\u00ed \u010d\u00edsla, kter\u00e1 budou pro Silvestrovsk\u00e9 b\u011bhy v&nbsp;Lomni\u010dce slou\u017eit dlouhodob\u011b. D\u00e1le d\u011bkujeme za v\u0161echny startovn\u00e9 dobrovoln\u00e9, kter\u00e9 pomohou investovat do nov\u00e9ho vybaven\u00ed a organizace dal\u0161\u00edch akc\u00ed v&nbsp;jednotce Sokol Lomni\u010dka. D\u011bkujeme hlavn\u011b v\u0161em b\u011b\u017ec\u016fm za aktivn\u00ed \u00fa\u010dast a douf\u00e1me, \u017ee si z&nbsp;na\u0161eho z\u00e1vodu odn\u00e1\u0161\u00edte hlavn\u011b pozitivn\u00ed pocity, proto\u017ee by v\u016f\u010di v\u00e1m nebylo f\u00e9r, kdybyste je pouze p\u0159in\u00e1\u0161eli \ud83d\ude09<\/p>\n<p>D\u011bkujeme a u\u017e te\u010f se t\u011b\u0161\u00edme na \u010d\u00edslo&nbsp;21, kter\u00e9 sice nebude tak kulat\u00e9, ale i p\u0159es to nen\u00ed d\u016fvod na Silvestra 2018 ve dv\u011b odpoledne z\u016fst\u00e1vat doma.<\/p>\n<p><a href=\"http:\/\/www.sokollomnicka.cz\/wp-content\/v\u00fdsledkov\u00e1-listina-2017.pdf\">V\u00fdsledkov\u00e1 listina&nbsp;<\/a><\/p>\n<p><a href=\"http:\/\/sokollomnicka.rajce.idnes.cz\/Silvestrovsky_beh_2017_-_Michal_Benes\/\">Fotogalerie Michala Bene\u0161e.<\/a><\/p>\n<p><a href=\"http:\/\/sokollomnicka.rajce.idnes.cz\/Silvestrovsky_beh_2017_-_Pavel_Bortlik\/\">Fotogalerie Pavla Bortl\u00edka<\/a><\/p>\n<p><a href=\"http:\/\/www.sokollomnicka.cz\/wp-content\/20-th-total-brutal-extra-special.pdf\">Almanach ke sta\u017een\u00ed<\/a><\/p>\n<p>Jan Byte\u0161n\u00edk<\/p>\n<hr>\n<p><a href=\"http:\/\/www.tisnov.cz\"><img loading=\"lazy\" decoding=\"async\" class=\"size-medium wp-image-554 alignleft\" src=\"http:\/\/www.sokollomnicka.cz\/wp-content\/logotyp_mestotisnov_barva_pozitiv_rgb-300x121.jpg\" alt=\"\" width=\"300\" height=\"121\" srcset=\"https:\/\/www.sokollomnicka.cz\/wp-content\/logotyp_mestotisnov_barva_pozitiv_rgb-300x121.jpg 300w, https:\/\/www.sokollomnicka.cz\/wp-content\/logotyp_mestotisnov_barva_pozitiv_rgb-768x310.jpg 768w, https:\/\/www.sokollomnicka.cz\/wp-content\/logotyp_mestotisnov_barva_pozitiv_rgb-1024x413.jpg 1024w, https:\/\/www.sokollomnicka.cz\/wp-content\/logotyp_mestotisnov_barva_pozitiv_rgb-500x202.jpg 500w, https:\/\/www.sokollomnicka.cz\/wp-content\/logotyp_mestotisnov_barva_pozitiv_rgb.jpg 1568w\" sizes=\"auto, (max-width: 300px) 100vw, 300px\" \/><\/a><\/p>\n","protected":false},"excerpt":{"rendered":"<p>Jednoho kr\u00e1sn\u00e9ho posledn\u00edho dne roku 2017 \u2026 ta b\u0159e\u010dka, kterou na silnici ud\u011bl\u00e1 \u010derstv\u011b napaden\u00fd sn\u00edh v&nbsp;kombinaci s&nbsp;kladnou teplotou, u\u017e rovnou padala z&nbsp;nebe! Takto to bylo je\u0161t\u011b cca dv\u011b hodiny p\u0159ed startem, ale pak se po\u010das\u00ed udob\u0159ilo skoro tak, jak &hellip; <a href=\"https:\/\/www.sokollomnicka.cz\/?p=550\">Cel\u00fd p\u0159\u00edsp\u011bvek <span class=\"meta-nav\">&rarr;<\/span><\/a><\/p>\n","protected":false},"author":14,"featured_media":0,"comment_status":"closed","ping_status":"closed","sticky":false,"template":"","format":"standard","meta":{"ngg_post_thumbnail":0,"_jetpack_newsletter_access":"","_jetpack_dont_email_post_to_subs":false,"_jetpack_newsletter_tier_id":0,"_jetpack_memberships_contains_paywalled_content":false,"_jetpack_memberships_contains_paid_content":false,"footnotes":""},"categories":[1],"tags":[],"class_list":["post-550","post","type-post","status-publish","format-standard","hentry","category-sportovni-akce"],"jetpack_featured_media_url":"","jetpack_sharing_enabled":true,"jetpack_shortlink":"https:\/\/wp.me\/paaAj-8S","_links":{"self":[{"href":"https:\/\/www.sokollomnicka.cz\/index.php?rest_route=\/wp\/v2\/posts\/550","targetHints":{"allow":["GET"]}}],"collection":[{"href":"https:\/\/www.sokollomnicka.cz\/index.php?rest_route=\/wp\/v2\/posts"}],"about":[{"href":"https:\/\/www.sokollomnicka.cz\/index.php?rest_route=\/wp\/v2\/types\/post"}],"author":[{"embeddable":true,"href":"https:\/\/www.sokollomnicka.cz\/index.php?rest_route=\/wp\/v2\/users\/14"}],"replies":[{"embeddable":true,"href":"https:\/\/www.sokollomnicka.cz\/index.php?rest_route=%2Fwp%2Fv2%2Fcomments&post=550"}],"version-history":[{"count":10,"href":"https:\/\/www.sokollomnicka.cz\/index.php?rest_route=\/wp\/v2\/posts\/550\/revisions"}],"predecessor-version":[{"id":558,"href":"https:\/\/www.sokollomnicka.cz\/index.php?rest_route=\/wp\/v2\/posts\/550\/revisions\/558"}],"wp:attachment":[{"href":"https:\/\/www.sokollomnicka.cz\/index.php?rest_route=%2Fwp%2Fv2%2Fmedia&parent=550"}],"wp:term":[{"taxonomy":"category","embeddable":true,"href":"https:\/\/www.sokollomnicka.cz\/index.php?rest_route=%2Fwp%2Fv2%2Fcategories&post=550"},{"taxonomy":"post_tag","embeddable":true,"href":"https:\/\/www.sokollomnicka.cz\/index.php?rest_route=%2Fwp%2Fv2%2Ftags&post=550"}],"curies":[{"name":"wp","href":"https:\/\/api.w.org\/{rel}","templated":true}]}}